{"id":3327,"date":"2026-04-22T13:14:53","date_gmt":"2026-04-22T11:14:53","guid":{"rendered":"https:\/\/retrospektive-journal.org\/?p=3327"},"modified":"2026-04-22T13:15:54","modified_gmt":"2026-04-22T11:15:54","slug":"a-new-issue-of-retrospektive-published-vii-1","status":"publish","type":"post","link":"https:\/\/retrospektive-journal.org\/en\/a-new-issue-of-retrospektive-published-vii-1\/","title":{"rendered":"A New Issue of Retrospektive Published (VII, 1)"},"content":{"rendered":"<div class=\"fusion-fullwidth fullwidth-box fusion-builder-row-1 fusion-flex-container nonhundred-percent-fullwidth non-hundred-percent-height-scrolling\" style=\"--awb-border-radius-top-left:0px;--awb-border-radius-top-right:0px;--awb-border-radius-bottom-right:0px;--awb-border-radius-bottom-left:0px;--awb-flex-wrap:wrap;\" ><div class=\"fusion-builder-row fusion-row fusion-flex-align-items-flex-start fusion-flex-content-wrap\" style=\"max-width:1144px;margin-left: calc(-4% \/ 2 );margin-right: calc(-4% \/ 2 );\"><div class=\"fusion-layout-column fusion_builder_column fusion-builder-column-0 fusion_builder_column_1_1 1_1 fusion-flex-column\" style=\"--awb-bg-size:cover;--awb-width-large:100%;--awb-margin-top-large:0px;--awb-spacing-right-large:1.92%;--awb-margin-bottom-large:0px;--awb-spacing-left-large:1.92%;--awb-width-medium:100%;--awb-spacing-right-medium:1.92%;--awb-spacing-left-medium:1.92%;--awb-width-small:100%;--awb-spacing-right-small:1.92%;--awb-spacing-left-small:1.92%;\"><div class=\"fusion-column-wrapper fusion-flex-justify-content-flex-start fusion-content-layout-column\"><div class=\"fusion-text fusion-text-1\"><p>We are pleased to announce the publication of a new issue of the scholarly journal Retrospektive (Volume VII, Issue 1), featuring six original research articles. This issue covers a wide thematic range, from the transformation of civil service structures after the First World War and Yugoslav cultural diplomacy in Africa, to liturgical struggles in the Adriatic, wartime resistance in southeastern Slovenia, the Iranian Revolution as seen from Yugoslavia, and the history of primary education in a provincial spa town \u2013 reflecting the journal&#8217;s commitment to archival depth and geographic breadth within Central and Southeastern European history.<\/p>\n<p>Contents of the Issue:<\/p>\n<p>Irena Seli\u0161nik, The Fates of Female and Male Civil Servants after the First World War<br \/>\nThis article examines changes in the national and gender composition of the civil service in Slovenia following the First World War, drawing on archival sources to trace individual careers and institutional transformations.<\/p>\n<p>\u017diga Smoli\u010d and Jan Ciglene\u010dki, Organisational Aspects of Yugoslav Participation in the UNESCO Campaign to Save the Monuments of Ancient Nubia (1960\u20131964)<br \/>\nThis article analyses Yugoslavia&#8217;s involvement in the international effort to rescue Christian frescoes and monuments in ancient Nubia, situating it within Yugoslav cultural diplomacy and Non-Aligned foreign policy.<\/p>\n<p>Sara Hajdinac, The Struggle for the Glagolitic Liturgy in the Light of Austrian Viceroy Reports from Zadar (1902\u20131913)<br \/>\nThis article sheds light on the fight to preserve the Glagolitic liturgy as an expression of Croatian national identity, drawing on previously underused Austrian administrative sources.<\/p>\n<p>Bo\u017eidar Flaj\u0161man, The Devil&#8217;s Dance: The German Offensive on the Liberated Territory of \u017dumberak and Bela Krajina in July 1944<br \/>\nThis article provides a detailed examination of one of the key German offensives against liberated territory in southeastern Slovenia during the Second World War.<\/p>\n<p>Fin Lucu Dra\u017eovi\u0107, The Response of the Slovenian Press to the Iranian Protest Movement in 1978 and 1979<br \/>\nThe author analyses how Slovenian newspapers covered the Iranian Revolution and the fall of the Pahlavi dynasty, offering insight into Yugoslav perspectives on global political upheaval.<\/p>\n<p>Patrick Pir\u0161, The Beginnings of Primary Education in Roga\u0161ka Slatina<br \/>\nThis article traces the history of primary schooling in Roga\u0161ka Slatina from its eighteenth-century origins to the construction of modern school buildings.<\/p>\n<p>The complete issue is freely available on the Retrospektive journal website.<\/p>\n<\/div><\/div><\/div><\/div><\/div>\n","protected":false},"excerpt":{"rendered":"","protected":false},"author":6,"featured_media":3102,"comment_status":"closed","ping_status":"closed","sticky":false,"template":"","format":"standard","meta":{"footnotes":""},"categories":[45],"tags":[],"class_list":["post-3327","post","type-post","status-publish","format-standard","has-post-thumbnail","hentry","category-uncategorized"],"_links":{"self":[{"href":"https:\/\/retrospektive-journal.org\/en\/wp-json\/wp\/v2\/posts\/3327","targetHints":{"allow":["GET"]}}],"collection":[{"href":"https:\/\/retrospektive-journal.org\/en\/wp-json\/wp\/v2\/posts"}],"about":[{"href":"https:\/\/retrospektive-journal.org\/en\/wp-json\/wp\/v2\/types\/post"}],"author":[{"embeddable":true,"href":"https:\/\/retrospektive-journal.org\/en\/wp-json\/wp\/v2\/users\/6"}],"replies":[{"embeddable":true,"href":"https:\/\/retrospektive-journal.org\/en\/wp-json\/wp\/v2\/comments?post=3327"}],"version-history":[{"count":3,"href":"https:\/\/retrospektive-journal.org\/en\/wp-json\/wp\/v2\/posts\/3327\/revisions"}],"predecessor-version":[{"id":3330,"href":"https:\/\/retrospektive-journal.org\/en\/wp-json\/wp\/v2\/posts\/3327\/revisions\/3330"}],"wp:featuredmedia":[{"embeddable":true,"href":"https:\/\/retrospektive-journal.org\/en\/wp-json\/wp\/v2\/media\/3102"}],"wp:attachment":[{"href":"https:\/\/retrospektive-journal.org\/en\/wp-json\/wp\/v2\/media?parent=3327"}],"wp:term":[{"taxonomy":"category","embeddable":true,"href":"https:\/\/retrospektive-journal.org\/en\/wp-json\/wp\/v2\/categories?post=3327"},{"taxonomy":"post_tag","embeddable":true,"href":"https:\/\/retrospektive-journal.org\/en\/wp-json\/wp\/v2\/tags?post=3327"}],"curies":[{"name":"wp","href":"https:\/\/api.w.org\/{rel}","templated":true}]}}